{"id":4391,"date":"2020-04-16T09:55:15","date_gmt":"2020-04-16T09:55:15","guid":{"rendered":"http:\/\/rijekebih.org\/?p=4391"},"modified":"2020-04-16T09:55:15","modified_gmt":"2020-04-16T09:55:15","slug":"gradnja-malih-hidroelektrana-na-rijeci-bjelavi-uznemirila-mjestane","status":"publish","type":"post","link":"https:\/\/rijekebih.org\/index.php\/2020\/04\/16\/gradnja-malih-hidroelektrana-na-rijeci-bjelavi-uznemirila-mjestane\/","title":{"rendered":"Gradnja malih hidroelektrana na rijeci Bjelavi uznemirila mje\u0161tane"},"content":{"rendered":"<p>Na rijeci Bjelavi,na teritoriji mjesne zajednice Trbu\u0161\u0107e u op\u0161tini Fo\u010da, po\u010dela je izgradnja male hidroelektrane (MHE) Bjelava, a mje\u0161tani Trbu\u0161\u0107a tvrde da je investitor po\u010deo i sa pripremnim radovima za MHE Mala Bjelava.<\/p>\n<p>Prema informacijama koje su dostavljene Centru za \u017eivotnu sredinu, mje\u0161tani nisu zadovoljni procesom dono\u0161enja odluke o ovom projektu i tvrde da je aktuelna pandemija COVID-19 iskori\u0161tena za neometan po\u010detak radova u koritu rijeke, jer bi u suprotnom, mogli organizovati javnu akciju ili protest protiv ovih aktivnosti.<\/p>\n<p>O uni\u0161tavanju korita rijeke Bjelave, kako isti\u010du, jasno svjedo\u010de i fotografije i video material snimljen na licu mjesta.<\/p>\n<p><iframe loading=\"lazy\" width=\"1060\" height=\"596\" src=\"https:\/\/www.youtube.com\/embed\/_msucqNVzuk?feature=oembed\" frameborder=\"0\" allow=\"accelerometer; autoplay; encrypted-media; gyroscope; picture-in-picture\" allowfullscreen><\/iframe><\/p>\n<p>Informacija o ovim aktivnostima dostavljena je i Koaliciji za za\u0161titu rijeka Bosne i Hercegovine, iz koje isti\u010du da \u0107e slu\u010daj gradnje hidroelektrane na rijeci Bjelavi biti detaljno istra\u017een te da \u0107e se reagovati u skladu sa informacijama dobijenim od nadle\u017enih institucija.<\/p>\n<p>Iz Koalicije apeluju na sve gra\u0111ane i gra\u0111anke BiH da poja\u010dano nadziru i prijavljuju sve radove koji bi mogli ugroziti rijeke i \u017eivotnu sredinu, a pokre\u0107u se tokom vanrednog stanja.<\/p>\n<p><img decoding=\"async\" loading=\"lazy\" class=\"alignnone size-medium wp-image-4392\" src=\"http:\/\/rijekebih.org\/wp-content\/uploads\/2020\/04\/bjelave-225x300.jpg\" alt=\"\" width=\"225\" height=\"300\" srcset=\"https:\/\/rijekebih.org\/wp-content\/uploads\/2020\/04\/bjelave-225x300.jpg 225w, https:\/\/rijekebih.org\/wp-content\/uploads\/2020\/04\/bjelave-768x1024.jpg 768w, https:\/\/rijekebih.org\/wp-content\/uploads\/2020\/04\/bjelave-600x800.jpg 600w, https:\/\/rijekebih.org\/wp-content\/uploads\/2020\/04\/bjelave.jpg 900w\" sizes=\"(max-width: 225px) 100vw, 225px\" \/><img decoding=\"async\" loading=\"lazy\" class=\"alignnone size-medium wp-image-4393\" src=\"http:\/\/rijekebih.org\/wp-content\/uploads\/2020\/04\/bjelave1-225x300.jpg\" alt=\"\" width=\"225\" height=\"300\" srcset=\"https:\/\/rijekebih.org\/wp-content\/uploads\/2020\/04\/bjelave1-225x300.jpg 225w, https:\/\/rijekebih.org\/wp-content\/uploads\/2020\/04\/bjelave1-768x1024.jpg 768w, https:\/\/rijekebih.org\/wp-content\/uploads\/2020\/04\/bjelave1-600x800.jpg 600w, https:\/\/rijekebih.org\/wp-content\/uploads\/2020\/04\/bjelave1.jpg 900w\" sizes=\"(max-width: 225px) 100vw, 225px\" \/><img decoding=\"async\" loading=\"lazy\" class=\"alignnone size-medium wp-image-4394\" src=\"http:\/\/rijekebih.org\/wp-content\/uploads\/2020\/04\/bjelave2-225x300.jpg\" alt=\"\" width=\"225\" height=\"300\" srcset=\"https:\/\/rijekebih.org\/wp-content\/uploads\/2020\/04\/bjelave2-225x300.jpg 225w, https:\/\/rijekebih.org\/wp-content\/uploads\/2020\/04\/bjelave2-768x1024.jpg 768w, https:\/\/rijekebih.org\/wp-content\/uploads\/2020\/04\/bjelave2-600x800.jpg 600w, https:\/\/rijekebih.org\/wp-content\/uploads\/2020\/04\/bjelave2.jpg 900w\" sizes=\"(max-width: 225px) 100vw, 225px\" \/><img decoding=\"async\" loading=\"lazy\" class=\"alignnone size-medium wp-image-4395\" src=\"http:\/\/rijekebih.org\/wp-content\/uploads\/2020\/04\/bjelave3-225x300.jpg\" alt=\"\" width=\"225\" height=\"300\" srcset=\"https:\/\/rijekebih.org\/wp-content\/uploads\/2020\/04\/bjelave3-225x300.jpg 225w, https:\/\/rijekebih.org\/wp-content\/uploads\/2020\/04\/bjelave3-768x1024.jpg 768w, https:\/\/rijekebih.org\/wp-content\/uploads\/2020\/04\/bjelave3-600x800.jpg 600w, https:\/\/rijekebih.org\/wp-content\/uploads\/2020\/04\/bjelave3.jpg 900w\" sizes=\"(max-width: 225px) 100vw, 225px\" \/><\/p>\n","protected":false},"excerpt":{"rendered":"<p>Na rijeci Bjelavi,na teritoriji mjesne zajednice Trbu\u0161\u0107e u op\u0161tini Fo\u010da, po\u010dela je izgradnja male hidroelektrane (MHE) Bjelava, a mje\u0161tani Trbu\u0161\u0107a tvrde da je investitor po\u010deo i sa pripremnim radovima za MHE Mala Bjelava. Prema informacijama koje su dostavljene Centru za&#8230;<\/p>\n","protected":false},"author":1,"featured_media":0,"comment_status":"closed","ping_status":"closed","sticky":false,"template":"","format":"standard","meta":{"_mi_skip_tracking":false},"categories":[112],"tags":[],"_links":{"self":[{"href":"https:\/\/rijekebih.org\/index.php\/wp-json\/wp\/v2\/posts\/4391"}],"collection":[{"href":"https:\/\/rijekebih.org\/index.php\/wp-json\/wp\/v2\/posts"}],"about":[{"href":"https:\/\/rijekebih.org\/index.php\/wp-json\/wp\/v2\/types\/post"}],"author":[{"embeddable":true,"href":"https:\/\/rijekebih.org\/index.php\/wp-json\/wp\/v2\/users\/1"}],"replies":[{"embeddable":true,"href":"https:\/\/rijekebih.org\/index.php\/wp-json\/wp\/v2\/comments?post=4391"}],"version-history":[{"count":1,"href":"https:\/\/rijekebih.org\/index.php\/wp-json\/wp\/v2\/posts\/4391\/revisions"}],"predecessor-version":[{"id":4396,"href":"https:\/\/rijekebih.org\/index.php\/wp-json\/wp\/v2\/posts\/4391\/revisions\/4396"}],"wp:attachment":[{"href":"https:\/\/rijekebih.org\/index.php\/wp-json\/wp\/v2\/media?parent=4391"}],"wp:term":[{"taxonomy":"category","embeddable":true,"href":"https:\/\/rijekebih.org\/index.php\/wp-json\/wp\/v2\/categories?post=4391"},{"taxonomy":"post_tag","embeddable":true,"href":"https:\/\/rijekebih.org\/index.php\/wp-json\/wp\/v2\/tags?post=4391"}],"curies":[{"name":"wp","href":"https:\/\/api.w.org\/{rel}","templated":true}]}}