{"id":3774,"date":"2016-12-30T13:48:33","date_gmt":"2016-12-30T13:48:33","guid":{"rendered":"http:\/\/rijekebih.org\/?p=3774"},"modified":"2017-03-21T14:05:27","modified_gmt":"2017-03-21T14:05:27","slug":"koalicija-za-zastitu-rijeka-bih-pokrece-borbu-protiv-hidroelektrana","status":"publish","type":"post","link":"https:\/\/rijekebih.org\/index.php\/2016\/12\/30\/koalicija-za-zastitu-rijeka-bih-pokrece-borbu-protiv-hidroelektrana\/","title":{"rendered":"KOALICIJA ZA ZA\u0160TITU RIJEKA BIH POKRE\u0106E BORBU PROTIV HIDROELEKTRANA"},"content":{"rendered":"<p>Koalicija za za\u0161titu rijeka Bosne i Hecegovine je predstavila film \u201e\u010cuvari rijeka\u201c, koji pokazuje razli\u010dite na\u010dine borbe za o\u010duvanje rijeka, a protiv izgradnje hidroelektrana. Dokazano je da su hidroelektrane zastarijela tehnologija i da uzrokuju ogromne posljedice na prirodu, ekonomiju i lokalne zajednice. Zato je u mnogim zemljama prisutan trend njihovog uklanjanja.<\/p>\n<p>Nata\u0161a Crnkovi\u0107, Centar za \u017eivotnu sredinu: \u201eCentar za \u017eivotnu sredinu se du\u017ee od 12 godina protivi izgradnji novih hidroelektrana i podr\u017eavamo gra\u0111ane i gra\u0111anke iz \u010ditave BiH koji vode bitke u svojim lokalnim zajednicama. Osnivanjem Koalicije \u017eelimo da rije\u0161imo problem neplanskog pristupa hidroelektranama u korjenu i na\u0161eg \u201ega\u0161enja po\u017eara\u201c od rijeke do rijeke. \u017delimo da se \u010duje zajedni\u010dki glas ljudi, struke i nevladinih organizacija, da nove hidroelektrane nisu po\u017eeljne\u201d.<\/p>\n<p>Vi\u0161e od 300 projekata hidroelektrana u BiH prijeti da uni\u0161ti sve na\u0161e rijeke, stoga je potreban zajedni\u010dki pristup na nivou dr\u017eave i kampanja za borbu protiv ovih projekata. Zbog toga je u junu ove godine pokrenuta \u201eKoalicija za za\u0161titu rijeka Bosne i Hercegovine\u201c, a koja okuplja organizacije i pojedince koji se bave ovim problemom.<\/p>\n<p>Jelena Ivani\u0107, Centar za \u017eivotnu sredinu: \u201eImamo dosta primjera gdje su hidroelektrane donijele samo \u0161tetu i gdje se lokalna zajednica ne sla\u017ee sa izgradnjom, ali se one ipak grade, kao \u0161to je slu\u010daj sa hidroelektranom Medna na rijeci Sani. Koalicija \u0107e pru\u017eiti podr\u0161ku lokalnom stanovni\u0161tvu da se na vrijeme uklju\u010di u dono\u0161enje odluka, te zauzeti zajedni\u010dki stav o hidroelektranama u BiH\u201c.<\/p>\n<p>Mnogo je pozitivnih primjera borbe iz \u010ditave Bosne i Hecegovine, a neke od najuspje\u0161nijih kampanja su uspjele da o\u010duvaju rijeke ili dijelove rijeka Sutjeska, Hr\u010davka, Vrbas, Neretva, Ljuta, Buna, Una, Unac, \u017deljeznica.<\/p>\n<p>Robert Oroz, Ekolo\u0161ko-humanitarna udruga Gotu\u0161a: \u201eNa\u0161a borba protiv hidroelektrana na rijeci \u017deljeznici u Fojnici traje preko 10 godina. Najve\u0107a borba se vodila na terenu, tj. u kanjonu \u017deljeznice, u mjestu Gotu\u0161a. Tu smo svojim tijelima sprje\u010davali ulazak strojeva u korito rijeke i 325 dana i no\u0107i de\u017eurali da bismo mogli alarmirati lokalno stanovni\u0161tvo i druge aktiviste da zajedno onemogu\u0107imo radove. Uz to smo i pravnim aktivnostima zaustavili projekte\u201d.<\/p>\n<p>Pored organizacija koje se bave za\u0161titom \u017eivotne sredine, u Koaliciji su nam jako va\u017ene organizacije i pojedinci koje svojim radom pokazuju na koji na\u010din se rijeke mogu odr\u017eivo koristiti, sa minimalnim uticajem na prirodu i sa dobitima za lokalno stanovni\u0161tvo.<\/p>\n<p>Nikola Stankovi\u0107, Kajak kanu klub Vrbas: \u201cBanjaluka je u zadnjih sedam godina postala svjetski kajaka\u0161ki centar i uvr\u0161tena je u kalendar takmi\u010denja Svjetske kajaka\u0161ke federacije. Samo zbog sportskih manifestacija na Vrbasu Banjaluku godi\u0161nje posjeti vi\u0161e od 300 sportista i ostvari vi\u0161e od 4000 no\u0107enja. Pored tradicije kajaka duge 70 godina, tu su i vrbaski \u010damac sa dajakom koji je jedan od simbola grada i mnogi drugi potencijali koji su direktno vezani za Vrbas i njegov rije\u010dni sliv. Bila bi ogromna \u0161teta izgradnjom hidroelektrana na Vrbasu uni\u0161titi sportsko-turisti\u010dke potencijale\u201d.<\/p>\n<p>Koalicija je usvojila \u201eDeklaraciju o obustavljanju planova za izgradnju hidroelektrana i ekolo\u0161ko kori\u0161tenje rijeka BiH\u201c i u narednom periodu \u0107e djelovati prema institucijama, medijima, investitorima i javnosti, a fokus \u0107emo staviti na rijeke koje su trenutno najugro\u017eenije planovima za izgradnju hidroelektrana.<\/p>\n","protected":false},"excerpt":{"rendered":"<p>Koalicija za za\u0161titu rijeka Bosne i Hecegovine je predstavila film \u201e\u010cuvari rijeka\u201c, koji pokazuje razli\u010dite na\u010dine borbe za o\u010duvanje rijeka, a protiv izgradnje hidroelektrana. Dokazano je da su hidroelektrane zastarijela tehnologija i da uzrokuju ogromne posljedice na prirodu, ekonomiju i&#8230;<\/p>\n","protected":false},"author":1,"featured_media":0,"comment_status":"open","ping_status":"open","sticky":false,"template":"","format":"standard","meta":{"_mi_skip_tracking":false},"categories":[112],"tags":[],"_links":{"self":[{"href":"https:\/\/rijekebih.org\/index.php\/wp-json\/wp\/v2\/posts\/3774"}],"collection":[{"href":"https:\/\/rijekebih.org\/index.php\/wp-json\/wp\/v2\/posts"}],"about":[{"href":"https:\/\/rijekebih.org\/index.php\/wp-json\/wp\/v2\/types\/post"}],"author":[{"embeddable":true,"href":"https:\/\/rijekebih.org\/index.php\/wp-json\/wp\/v2\/users\/1"}],"replies":[{"embeddable":true,"href":"https:\/\/rijekebih.org\/index.php\/wp-json\/wp\/v2\/comments?post=3774"}],"version-history":[{"count":6,"href":"https:\/\/rijekebih.org\/index.php\/wp-json\/wp\/v2\/posts\/3774\/revisions"}],"predecessor-version":[{"id":4397,"href":"https:\/\/rijekebih.org\/index.php\/wp-json\/wp\/v2\/posts\/3774\/revisions\/4397"}],"wp:attachment":[{"href":"https:\/\/rijekebih.org\/index.php\/wp-json\/wp\/v2\/media?parent=3774"}],"wp:term":[{"taxonomy":"category","embeddable":true,"href":"https:\/\/rijekebih.org\/index.php\/wp-json\/wp\/v2\/categories?post=3774"},{"taxonomy":"post_tag","embeddable":true,"href":"https:\/\/rijekebih.org\/index.php\/wp-json\/wp\/v2\/tags?post=3774"}],"curies":[{"name":"wp","href":"https:\/\/api.w.org\/{rel}","templated":true}]}}